{"id":13364,"date":"2023-04-02T11:39:00","date_gmt":"2023-04-02T10:39:00","guid":{"rendered":"https:\/\/www.schneggahuesler.at\/?post_type=blog_post&#038;p=13364"},"modified":"2023-04-02T11:41:34","modified_gmt":"2023-04-02T10:41:34","slug":"41-jhv-schneggahuesler-frastanz","status":"publish","type":"blog_post","link":"https:\/\/www.schneggahuesler.at\/?blog_post=41-jhv-schneggahuesler-frastanz","title":{"rendered":"41. JHV- Schneggah\u00fcsler Frastanz"},"content":{"rendered":"<p>Obmann J\u00fcrgen Lederle, <strong>&#8222;Mulei\u201c<\/strong> Fabio Lederle und Kassierin Raphaela &nbsp;konnten nur lobende Worte f\u00fcr die sensationellen Mitglieder der \u201eSchneggah\u00fcsler\u201c finden.<br \/>\nVon den Schneggen wurden in dieser kurzen Zeit 68 Auftritte im in und Ausland&nbsp; absolviert. Auch 4 Arbeitseins\u00e4tze machten diese Saison zum Schnegga Marathon welchen wir mit Bravour, Zusammenhalt und guter Laune gemeistert haben. Gesch\u00e4tzte \u201e Schneggafreunde\u201c ohne eure Unterst\u00fctzung die von unserer Gemeinde sowie unseren zuverl\u00e4ssigen Sponsoren und Familien w\u00e4ren solche Leistungen gar nicht m\u00f6glich, wir bedanken uns nochmals bei allen G\u00f6nnern und vor allem bei jedem <strong>\u201eeinzelna Schneggle\u201c <\/strong>f\u00fcr den geleisteten Einsatz. F\u00fcr langj\u00e4hrige Mitgliedschaft wurden geehrt Priska, Janine, Vanessa, Celine u. Robin 5 Jahre. Christian 15 Jahre. <strong>9L- Schneggen <\/strong>konnten den begehrten Mitgliedsorden wohl verdient entgegen nehmen und wurden mit Freuden in unser <strong>\u201eSchneggafamilie\u201c<\/strong> aufgenommen bravo macht weiter so.<\/p>\n<p>Schnegg schnegg &#8211; Gugg gugg<\/p>\nngg_shortcode_0_placeholder\n","protected":false},"excerpt":{"rendered":"<p>Obmann J\u00fcrgen Lederle, &#8222;Mulei\u201c Fabio Lederle und Kassierin Raphaela &nbsp;konnten nur lobende Worte f\u00fcr die sensationellen Mitglieder der \u201eSchneggah\u00fcsler\u201c finden.<\/p>\n","protected":false},"author":3,"featured_media":13418,"comment_status":"closed","ping_status":"closed","template":"","meta":{"colormag_page_container_layout":"default_layout","colormag_page_sidebar_layout":"default_layout","ngg_post_thumbnail":0},"tags":[],"blog-category":[8],"class_list":["post-13364","blog_post","type-blog_post","status-publish","has-post-thumbnail","hentry","blog-category-schnegga-news"],"_links":{"self":[{"href":"https:\/\/www.schneggahuesler.at\/index.php?rest_route=\/wp\/v2\/blog_post\/13364","targetHints":{"allow":["GET"]}}],"collection":[{"href":"https:\/\/www.schneggahuesler.at\/index.php?rest_route=\/wp\/v2\/blog_post"}],"about":[{"href":"https:\/\/www.schneggahuesler.at\/index.php?rest_route=\/wp\/v2\/types\/blog_post"}],"author":[{"embeddable":true,"href":"https:\/\/www.schneggahuesler.at\/index.php?rest_route=\/wp\/v2\/users\/3"}],"replies":[{"embeddable":true,"href":"https:\/\/www.schneggahuesler.at\/index.php?rest_route=%2Fwp%2Fv2%2Fcomments&post=13364"}],"wp:featuredmedia":[{"embeddable":true,"href":"https:\/\/www.schneggahuesler.at\/index.php?rest_route=\/wp\/v2\/media\/13418"}],"wp:attachment":[{"href":"https:\/\/www.schneggahuesler.at\/index.php?rest_route=%2Fwp%2Fv2%2Fmedia&parent=13364"}],"wp:term":[{"taxonomy":"post_tag","embeddable":true,"href":"https:\/\/www.schneggahuesler.at\/index.php?rest_route=%2Fwp%2Fv2%2Ftags&post=13364"},{"taxonomy":"blog-category","embeddable":true,"href":"https:\/\/www.schneggahuesler.at\/index.php?rest_route=%2Fwp%2Fv2%2Fblog-category&post=13364"}],"curies":[{"name":"wp","href":"https:\/\/api.w.org\/{rel}","templated":true}]}}